{"id":587,"date":"2025-06-24T11:01:06","date_gmt":"2025-06-24T09:01:06","guid":{"rendered":"https:\/\/college-theodore-rancy.fr\/?p=587"},"modified":"2025-06-24T11:01:06","modified_gmt":"2025-06-24T09:01:06","slug":"les-transports-scolaires","status":"publish","type":"post","link":"https:\/\/college-theodore-rancy.fr\/index.php\/2025\/06\/24\/les-transports-scolaires\/","title":{"rendered":"Les transports scolaires"},"content":{"rendered":"<div class=\"wp-block-image\">\n<figure class=\"alignleft size-medium\"><img loading=\"lazy\" decoding=\"async\" width=\"300\" height=\"214\" src=\"https:\/\/college-theodore-rancy.fr\/wp-content\/uploads\/2023\/06\/bus-2523410_640_radonracer-300x214.jpg\" alt=\"\" class=\"wp-image-595\" srcset=\"https:\/\/college-theodore-rancy.fr\/wp-content\/uploads\/2023\/06\/bus-2523410_640_radonracer-300x214.jpg 300w, https:\/\/college-theodore-rancy.fr\/wp-content\/uploads\/2023\/06\/bus-2523410_640_radonracer-200x143.jpg 200w, https:\/\/college-theodore-rancy.fr\/wp-content\/uploads\/2023\/06\/bus-2523410_640_radonracer.jpg 640w\" sizes=\"(max-width: 300px) 100vw, 300px\" \/><\/figure>\n<\/div>\n\n\n<p>Nous vous informons que <strong>les inscriptions<\/strong> concernant <strong>la rentr\u00e9e 2025 <\/strong>aux transports scolaires organis\u00e9s par la R\u00e9gion Nouvelle-Aquitaine ont d\u00e9but\u00e9, avec l\u2019ouverture de la plateforme\u00a0 : <a href=\"https:\/\/transports.nouvelle-aquitaine.fr\/transports-scolaires\/inscriptions\">https:\/\/transports.nouvelle-aquitaine.fr\/transports-scolaires\/inscriptions<\/a><\/p>\n\n\n\n<p><\/p>\n\n\n\n<p><strong>Les \u00e9l\u00e8ves et parents d\u2019\u00e9l\u00e8ves sont invit\u00e9s \u00e0 proc\u00e9der \u00e0 leur inscription le plus t\u00f4t possible afin d\u2019\u00e9viter tout effet d\u2019urgence \u00e0 quelques jours de la rentr\u00e9e.<\/strong><\/p>\n\n\n\n<p><strong>Les inscriptions re\u00e7ues avant le 21 juillet seront exon\u00e9r\u00e9es des frais de dossier d\u2019un montant de 24 \u20ac.<\/strong><\/p>\n\n\n\n<p>Les \u00e9l\u00e8ves ayant d\u00e9j\u00e0 re\u00e7u leur carte sans contact l\u2019ann\u00e9e derni\u00e8re se verront recharg\u00e9s de leur droit au transport apr\u00e8s validation de leur abonnement (paiement de la participation familiale). Pour les nouveaux abonn\u00e9s, les cartes seront envoy\u00e9es \u00e0 leur domicile dans le courant de l\u2019\u00e9t\u00e9.<\/p>\n\n\n\n<p>Pour toutes informations, merci de composer le <strong>0970 870\u00a0870 du lundi au samedi de 8 h \u00e0 19 h <\/strong>ou via le formulaire en ligne : <strong><a href=\"https:\/\/transports.nouvelle-aquitaine.fr\/contacts\">Contact en ligne sur transports.nouvelle-aquitaine.fr<\/a><\/strong><\/p>\n\n\n\n<pre class=\"wp-block-preformatted\">NB. Le coll\u00e8ge ne s'occupe pas directement des transports scolaires, pour toute information compl\u00e9mentaire, veuillez contacter le service des transports \u00e0 l'aide des contacts ci-dessus.<\/pre>\n\n\n\n<p class=\"has-small-font-size\"><em>Image libre de droits utilis\u00e9e : Pixabay \/ Radon Racer <\/em><a href=\"https:\/\/pixabay.com\/fr\/photos\/autobus-arr%C3%AAt-de-bus-rue-arr%C3%AAter-2523410\/\">https:\/\/pixabay.com\/fr\/photos\/autobus-arr%C3%AAt-de-bus-rue-arr%C3%AAter-2523410\/<\/a><\/p>\n","protected":false},"excerpt":{"rendered":"<p>Nous vous informons que les inscriptions concernant la rentr\u00e9e 2025 aux transports scolaires organis\u00e9s par la R\u00e9gion Nouvelle-Aquitaine ont d\u00e9but\u00e9, avec l\u2019ouverture de la plateforme\u00a0 : https:\/\/transports.nouvelle-aquitaine.fr\/transports-scolaires\/inscriptions Les \u00e9l\u00e8ves et parents d\u2019\u00e9l\u00e8ves sont invit\u00e9s \u00e0 proc\u00e9der \u00e0 leur inscription le plus t\u00f4t possible afin d\u2019\u00e9viter tout effet d\u2019urgence \u00e0 quelques jours de la rentr\u00e9e. Les [&hellip;]<\/p>\n","protected":false},"author":20,"featured_media":595,"comment_status":"closed","ping_status":"closed","sticky":false,"template":"","format":"standard","meta":{"saved_in_kubio":false,"footnotes":""},"categories":[50,69],"tags":[],"class_list":["post-587","post","type-post","status-publish","format-standard","has-post-thumbnail","hentry","category-infos_secretariat","category-rentree"],"_links":{"self":[{"href":"https:\/\/college-theodore-rancy.fr\/index.php\/wp-json\/wp\/v2\/posts\/587","targetHints":{"allow":["GET"]}}],"collection":[{"href":"https:\/\/college-theodore-rancy.fr\/index.php\/wp-json\/wp\/v2\/posts"}],"about":[{"href":"https:\/\/college-theodore-rancy.fr\/index.php\/wp-json\/wp\/v2\/types\/post"}],"author":[{"embeddable":true,"href":"https:\/\/college-theodore-rancy.fr\/index.php\/wp-json\/wp\/v2\/users\/20"}],"replies":[{"embeddable":true,"href":"https:\/\/college-theodore-rancy.fr\/index.php\/wp-json\/wp\/v2\/comments?post=587"}],"version-history":[{"count":6,"href":"https:\/\/college-theodore-rancy.fr\/index.php\/wp-json\/wp\/v2\/posts\/587\/revisions"}],"predecessor-version":[{"id":1866,"href":"https:\/\/college-theodore-rancy.fr\/index.php\/wp-json\/wp\/v2\/posts\/587\/revisions\/1866"}],"wp:featuredmedia":[{"embeddable":true,"href":"https:\/\/college-theodore-rancy.fr\/index.php\/wp-json\/wp\/v2\/media\/595"}],"wp:attachment":[{"href":"https:\/\/college-theodore-rancy.fr\/index.php\/wp-json\/wp\/v2\/media?parent=587"}],"wp:term":[{"taxonomy":"category","embeddable":true,"href":"https:\/\/college-theodore-rancy.fr\/index.php\/wp-json\/wp\/v2\/categories?post=587"},{"taxonomy":"post_tag","embeddable":true,"href":"https:\/\/college-theodore-rancy.fr\/index.php\/wp-json\/wp\/v2\/tags?post=587"}],"curies":[{"name":"wp","href":"https:\/\/api.w.org\/{rel}","templated":true}]}}