{"id":1899,"date":"2025-09-02T11:19:35","date_gmt":"2025-09-02T09:19:35","guid":{"rendered":"https:\/\/college-theodore-rancy.fr\/?p=1899"},"modified":"2026-02-10T11:03:57","modified_gmt":"2026-02-10T10:03:57","slug":"clip-2025-de-la-chorale","status":"publish","type":"post","link":"https:\/\/college-theodore-rancy.fr\/index.php\/2025\/09\/02\/clip-2025-de-la-chorale\/","title":{"rendered":"Clip 2025 de la chorale"},"content":{"rendered":"\n<p>Afin de conclure le projet choral de l&#8217;ann\u00e9e 2024\/25, les \u00e9l\u00e8ves ont particip\u00e9 en juillet dernier au tournage d&#8217;un clip en collaboration avec les coll\u00e9giens du coll\u00e8ge Fabre d&#8217;Eglantine \u00e0 La Rochelle. <\/p>\n\n\n\n<p>D\u00e9couvrez ce clip ci-dessous : <\/p>\n\n\n\n<figure class=\"wp-block-embed is-type-video is-provider-youtube wp-block-embed-youtube wp-embed-aspect-16-9 wp-has-aspect-ratio\"><div class=\"wp-block-embed__wrapper\">\n<iframe loading=\"lazy\" title=\"DEMAIN, C&#039;EST NOUS. - BIG FLO &amp; OLI COVER\" width=\"500\" height=\"281\" src=\"https:\/\/www.youtube.com\/embed\/IsQ8Cj7bKCE?feature=oembed\" frameborder=\"0\" allow=\"accelerometer; autoplay; clipboard-write; encrypted-media; gyroscope; picture-in-picture; web-share\" referrerpolicy=\"strict-origin-when-cross-origin\" allowfullscreen><\/iframe>\n<\/div><\/figure>\n","protected":false},"excerpt":{"rendered":"<p>Afin de conclure le projet choral de l&#8217;ann\u00e9e 2024\/25, les \u00e9l\u00e8ves ont particip\u00e9 en juillet dernier au tournage d&#8217;un clip en collaboration avec les coll\u00e9giens du coll\u00e8ge Fabre d&#8217;Eglantine \u00e0 La Rochelle. D\u00e9couvrez ce clip ci-dessous :<\/p>\n","protected":false},"author":2,"featured_media":2266,"comment_status":"open","ping_status":"open","sticky":false,"template":"","format":"standard","meta":{"saved_in_kubio":false,"footnotes":""},"categories":[22,36],"tags":[],"class_list":["post-1899","post","type-post","status-publish","format-standard","has-post-thumbnail","hentry","category-chant-choral","category-edmus"],"_links":{"self":[{"href":"https:\/\/college-theodore-rancy.fr\/index.php\/wp-json\/wp\/v2\/posts\/1899","targetHints":{"allow":["GET"]}}],"collection":[{"href":"https:\/\/college-theodore-rancy.fr\/index.php\/wp-json\/wp\/v2\/posts"}],"about":[{"href":"https:\/\/college-theodore-rancy.fr\/index.php\/wp-json\/wp\/v2\/types\/post"}],"author":[{"embeddable":true,"href":"https:\/\/college-theodore-rancy.fr\/index.php\/wp-json\/wp\/v2\/users\/2"}],"replies":[{"embeddable":true,"href":"https:\/\/college-theodore-rancy.fr\/index.php\/wp-json\/wp\/v2\/comments?post=1899"}],"version-history":[{"count":1,"href":"https:\/\/college-theodore-rancy.fr\/index.php\/wp-json\/wp\/v2\/posts\/1899\/revisions"}],"predecessor-version":[{"id":1900,"href":"https:\/\/college-theodore-rancy.fr\/index.php\/wp-json\/wp\/v2\/posts\/1899\/revisions\/1900"}],"wp:featuredmedia":[{"embeddable":true,"href":"https:\/\/college-theodore-rancy.fr\/index.php\/wp-json\/wp\/v2\/media\/2266"}],"wp:attachment":[{"href":"https:\/\/college-theodore-rancy.fr\/index.php\/wp-json\/wp\/v2\/media?parent=1899"}],"wp:term":[{"taxonomy":"category","embeddable":true,"href":"https:\/\/college-theodore-rancy.fr\/index.php\/wp-json\/wp\/v2\/categories?post=1899"},{"taxonomy":"post_tag","embeddable":true,"href":"https:\/\/college-theodore-rancy.fr\/index.php\/wp-json\/wp\/v2\/tags?post=1899"}],"curies":[{"name":"wp","href":"https:\/\/api.w.org\/{rel}","templated":true}]}}