{"id":1712,"date":"2025-04-08T16:10:00","date_gmt":"2025-04-08T14:10:00","guid":{"rendered":"https:\/\/college-theodore-rancy.fr\/?p=1712"},"modified":"2025-09-08T14:15:17","modified_gmt":"2025-09-08T12:15:17","slug":"college-au-spectacle","status":"publish","type":"post","link":"https:\/\/college-theodore-rancy.fr\/index.php\/2025\/04\/08\/college-au-spectacle\/","title":{"rendered":"Coll\u00e8ge au spectacle :"},"content":{"rendered":"\n<p>&#8220;<strong><em>Cach\u00e9 dans son buisson de lavande Cyrano sentait bon la lessive<\/em><\/strong>&#8220;, est un spectacle adaptatif de l&#8217;album &#8220;Cyrano&#8221;<strong>de Rebecca Dautremer et Thai Marc le Thanh<\/strong>, lui m\u00eame adaptation de la pi\u00e8ce Cyrano de Bergerac, d&#8217;Edmond Rostand.<\/p>\n\n\n\n<p>C&#8217;est la compagnie<em> <a href=\"https:\/\/www.cie-hechoencasa.com\/\">Hecho en Casa<\/a><\/em> qui propose cette ann\u00e9e ce spectacle dans le cadre du dispositif<a href=\"https:\/\/www.lacharente.fr\/en-charente\/les-actions-du-departement\/action-culturelle\"> Coll\u00e8ge au spectacle<\/a>. <br>Ce dispositif, rappelons-le, permet \u00e0 chaque coll\u00e9gien de 6\u00e8me de Charente, de b\u00e9n\u00e9ficier d&#8217;une 1h de m\u00e9diation culturelle en amont du spectacle. Puis, leur est propos\u00e9 d&#8217;assister \u00e0 la mise en sc\u00e8ne d&#8217;une pi\u00e8ce dans des salles de spectacle d\u00e9di\u00e9es : sur notre territoire chalaisien, il s&#8217;agit de l&#8217;<a href=\"https:\/\/www.chalais.net\/Culture\/Theatre.html\">Espace Arc-en-Ciel<\/a>.<\/p>\n\n\n\n<p>La m\u00e9diation a \u00e9t\u00e9 r\u00e9alis\u00e9e cette ann\u00e9e par Delphine, com\u00e9dienne de m\u00e9tier mais aussi m\u00e9diatrice culturelle aupr\u00e8s du public. <br>Apr\u00e8s avoir lu ensemble l&#8217;adaptation de Cyrano de Bergerac, les \u00e9l\u00e8ves ont fabriqu\u00e9 des masques repr\u00e9sentant diff\u00e9rentes \u00e9motions \u00e0 partir de simples traits. <\/p>\n\n\n\n<figure class=\"wp-block-gallery has-nested-images columns-default is-cropped wp-block-gallery-1 is-layout-flex wp-block-gallery-is-layout-flex\">\n<figure class=\"wp-block-image size-large is-style-rounded\"><img loading=\"lazy\" decoding=\"async\" width=\"768\" height=\"1024\" data-id=\"1718\" src=\"https:\/\/college-theodore-rancy.fr\/wp-content\/uploads\/2025\/04\/1000024355-768x1024.jpg\" alt=\"\" class=\"wp-image-1718\" srcset=\"https:\/\/college-theodore-rancy.fr\/wp-content\/uploads\/2025\/04\/1000024355-768x1024.jpg 768w, https:\/\/college-theodore-rancy.fr\/wp-content\/uploads\/2025\/04\/1000024355-225x300.jpg 225w, https:\/\/college-theodore-rancy.fr\/wp-content\/uploads\/2025\/04\/1000024355-1152x1536.jpg 1152w, https:\/\/college-theodore-rancy.fr\/wp-content\/uploads\/2025\/04\/1000024355-1536x2048.jpg 1536w, https:\/\/college-theodore-rancy.fr\/wp-content\/uploads\/2025\/04\/1000024355-150x200.jpg 150w, https:\/\/college-theodore-rancy.fr\/wp-content\/uploads\/2025\/04\/1000024355-scaled.jpg 1920w\" sizes=\"(max-width: 768px) 100vw, 768px\" \/><\/figure>\n<\/figure>\n\n\n\n<p><br>D&#8217;apr\u00e8s Emma, la lecture de la pi\u00e8ce aura \u00e9t\u00e9 un grand moment de libert\u00e9 pour elle : <em>&#8221; J&#8217;ai pu lire comme  je le voulais&#8230; c&#8217;est \u00e0 dire, exprimer par diff\u00e9rentes intonations et diff\u00e9rents rythmes, les \u00e9motions que j&#8217;avais envie de transmettre&#8221;.<\/em><br>Sanna, quant \u00e0 elle, a ador\u00e9 se mettre en sc\u00e8ne en jouant avec son corps l&#8217;\u00e9motion qu&#8217;elle avait choisie : <em>&#8220;J&#8217;ai trouv\u00e9 \u00e7a dr\u00f4le ! Chacun avait une \u00e9motion diff\u00e9rente et devait l&#8217;interpr\u00e9ter. C&#8217;\u00e9tait marrant ! &#8220;<\/em>.<\/p>\n\n\n\n<p>Apr\u00e8s le spectacle qui nous aura tenu en haleine durant plus d&#8217;1h, un \u00e9change entre le public et les actrices a pu avoir lieu. Ce temps riche aura permis de lever les quelques incompr\u00e9hensions et r\u00e9v\u00e9ler la satisfaction g\u00e9n\u00e9rale du public.<br>Encore merci au d\u00e9partement pour cette action culturelle de qualit\u00e9 !<br><\/p>\n\n\n\n<figure class=\"wp-block-gallery has-nested-images columns-default is-cropped wp-block-gallery-2 is-layout-flex wp-block-gallery-is-layout-flex\">\n<figure class=\"wp-block-image size-large\"><img loading=\"lazy\" decoding=\"async\" width=\"1024\" height=\"768\" data-id=\"1726\" src=\"https:\/\/college-theodore-rancy.fr\/wp-content\/uploads\/2025\/04\/20250408_151034-1024x768.jpg\" alt=\"\" class=\"wp-image-1726\" srcset=\"https:\/\/college-theodore-rancy.fr\/wp-content\/uploads\/2025\/04\/20250408_151034-1024x768.jpg 1024w, https:\/\/college-theodore-rancy.fr\/wp-content\/uploads\/2025\/04\/20250408_151034-300x225.jpg 300w, https:\/\/college-theodore-rancy.fr\/wp-content\/uploads\/2025\/04\/20250408_151034-768x576.jpg 768w, https:\/\/college-theodore-rancy.fr\/wp-content\/uploads\/2025\/04\/20250408_151034-1536x1152.jpg 1536w, https:\/\/college-theodore-rancy.fr\/wp-content\/uploads\/2025\/04\/20250408_151034-2048x1536.jpg 2048w, https:\/\/college-theodore-rancy.fr\/wp-content\/uploads\/2025\/04\/20250408_151034-200x150.jpg 200w\" sizes=\"(max-width: 1024px) 100vw, 1024px\" \/><figcaption class=\"wp-element-caption\">Les 3 com\u00e9diennes jouant les 4 r\u00f4les principaux de la pi\u00e8ce<\/figcaption><\/figure>\n<\/figure>\n\n\n\n<p><\/p>\n","protected":false},"excerpt":{"rendered":"<p>&#8220;Cach\u00e9 dans son buisson de lavande Cyrano sentait bon la lessive&#8220;, est un spectacle adaptatif de l&#8217;album &#8220;Cyrano&#8221;de Rebecca Dautremer et Thai Marc le Thanh, lui m\u00eame adaptation de la pi\u00e8ce Cyrano de Bergerac, d&#8217;Edmond Rostand. C&#8217;est la compagnie Hecho en Casa qui propose cette ann\u00e9e ce spectacle dans le cadre du dispositif Coll\u00e8ge au [&hellip;]<\/p>\n","protected":false},"author":4,"featured_media":1727,"comment_status":"open","ping_status":"open","sticky":false,"template":"","format":"standard","meta":{"saved_in_kubio":false,"footnotes":""},"categories":[68],"tags":[],"class_list":["post-1712","post","type-post","status-publish","format-standard","has-post-thumbnail","hentry","category-sortie-scolaire"],"_links":{"self":[{"href":"https:\/\/college-theodore-rancy.fr\/index.php\/wp-json\/wp\/v2\/posts\/1712","targetHints":{"allow":["GET"]}}],"collection":[{"href":"https:\/\/college-theodore-rancy.fr\/index.php\/wp-json\/wp\/v2\/posts"}],"about":[{"href":"https:\/\/college-theodore-rancy.fr\/index.php\/wp-json\/wp\/v2\/types\/post"}],"author":[{"embeddable":true,"href":"https:\/\/college-theodore-rancy.fr\/index.php\/wp-json\/wp\/v2\/users\/4"}],"replies":[{"embeddable":true,"href":"https:\/\/college-theodore-rancy.fr\/index.php\/wp-json\/wp\/v2\/comments?post=1712"}],"version-history":[{"count":9,"href":"https:\/\/college-theodore-rancy.fr\/index.php\/wp-json\/wp\/v2\/posts\/1712\/revisions"}],"predecessor-version":[{"id":1732,"href":"https:\/\/college-theodore-rancy.fr\/index.php\/wp-json\/wp\/v2\/posts\/1712\/revisions\/1732"}],"wp:featuredmedia":[{"embeddable":true,"href":"https:\/\/college-theodore-rancy.fr\/index.php\/wp-json\/wp\/v2\/media\/1727"}],"wp:attachment":[{"href":"https:\/\/college-theodore-rancy.fr\/index.php\/wp-json\/wp\/v2\/media?parent=1712"}],"wp:term":[{"taxonomy":"category","embeddable":true,"href":"https:\/\/college-theodore-rancy.fr\/index.php\/wp-json\/wp\/v2\/categories?post=1712"},{"taxonomy":"post_tag","embeddable":true,"href":"https:\/\/college-theodore-rancy.fr\/index.php\/wp-json\/wp\/v2\/tags?post=1712"}],"curies":[{"name":"wp","href":"https:\/\/api.w.org\/{rel}","templated":true}]}}