{"id":1369,"date":"2024-06-19T11:08:21","date_gmt":"2024-06-19T09:08:21","guid":{"rendered":"https:\/\/college-theodore-rancy.fr\/?p=1369"},"modified":"2024-06-19T11:20:06","modified_gmt":"2024-06-19T09:20:06","slug":"la-mini-entreprise-remporte-le-label-responsabilite-societale","status":"publish","type":"post","link":"https:\/\/college-theodore-rancy.fr\/index.php\/2024\/06\/19\/la-mini-entreprise-remporte-le-label-responsabilite-societale\/","title":{"rendered":"La mini-entreprise remporte le label &#8220;Responsabilit\u00e9 soci\u00e9tale&#8221;"},"content":{"rendered":"\n<p>Pr\u00e9sente au salon r\u00e9gional des mini-entreprises de Nouvelle-Aquitaine le 23 mai 2024, la mini-entreprise du coll\u00e8ge a remport\u00e9 le label &#8220;Responsabilit\u00e9 soci\u00e9tale des entreprises&#8221; pour son travail de cr\u00e9ation de bougies \u00e9co-responsables. Ce label d\u00e9montre la volont\u00e9 pour l&#8217;entreprise de s&#8217;inscrire dans une d\u00e9marche de d\u00e9veloppement durable et celle de mettre en oeuvre un mod\u00e8le \u00e9conomique responsable et solidaire.<\/p>\n\n\n<div class=\"wp-block-image\">\n<figure class=\"aligncenter size-large\"><img loading=\"lazy\" decoding=\"async\" width=\"1024\" height=\"768\" src=\"https:\/\/college-theodore-rancy.fr\/wp-content\/uploads\/2024\/06\/IMG_3864-1024x768.jpg\" alt=\"\" class=\"wp-image-1370\" srcset=\"https:\/\/college-theodore-rancy.fr\/wp-content\/uploads\/2024\/06\/IMG_3864-1024x768.jpg 1024w, https:\/\/college-theodore-rancy.fr\/wp-content\/uploads\/2024\/06\/IMG_3864-300x225.jpg 300w, https:\/\/college-theodore-rancy.fr\/wp-content\/uploads\/2024\/06\/IMG_3864-768x576.jpg 768w, https:\/\/college-theodore-rancy.fr\/wp-content\/uploads\/2024\/06\/IMG_3864-1536x1152.jpg 1536w, https:\/\/college-theodore-rancy.fr\/wp-content\/uploads\/2024\/06\/IMG_3864-2048x1536.jpg 2048w, https:\/\/college-theodore-rancy.fr\/wp-content\/uploads\/2024\/06\/IMG_3864-200x150.jpg 200w\" sizes=\"(max-width: 1024px) 100vw, 1024px\" \/><\/figure>\n<\/div>","protected":false},"excerpt":{"rendered":"<p>Pr\u00e9sente au salon r\u00e9gional des mini-entreprises de Nouvelle-Aquitaine le 23 mai 2024, la mini-entreprise du coll\u00e8ge a remport\u00e9 le label &#8220;Responsabilit\u00e9 soci\u00e9tale des entreprises&#8221; &#8230;<\/p>\n","protected":false},"author":2,"featured_media":1374,"comment_status":"open","ping_status":"open","sticky":false,"template":"","format":"standard","meta":{"saved_in_kubio":false,"footnotes":""},"categories":[79],"tags":[],"class_list":["post-1369","post","type-post","status-publish","format-standard","has-post-thumbnail","hentry","category-mini-entreprise"],"_links":{"self":[{"href":"https:\/\/college-theodore-rancy.fr\/index.php\/wp-json\/wp\/v2\/posts\/1369","targetHints":{"allow":["GET"]}}],"collection":[{"href":"https:\/\/college-theodore-rancy.fr\/index.php\/wp-json\/wp\/v2\/posts"}],"about":[{"href":"https:\/\/college-theodore-rancy.fr\/index.php\/wp-json\/wp\/v2\/types\/post"}],"author":[{"embeddable":true,"href":"https:\/\/college-theodore-rancy.fr\/index.php\/wp-json\/wp\/v2\/users\/2"}],"replies":[{"embeddable":true,"href":"https:\/\/college-theodore-rancy.fr\/index.php\/wp-json\/wp\/v2\/comments?post=1369"}],"version-history":[{"count":3,"href":"https:\/\/college-theodore-rancy.fr\/index.php\/wp-json\/wp\/v2\/posts\/1369\/revisions"}],"predecessor-version":[{"id":1372,"href":"https:\/\/college-theodore-rancy.fr\/index.php\/wp-json\/wp\/v2\/posts\/1369\/revisions\/1372"}],"wp:featuredmedia":[{"embeddable":true,"href":"https:\/\/college-theodore-rancy.fr\/index.php\/wp-json\/wp\/v2\/media\/1374"}],"wp:attachment":[{"href":"https:\/\/college-theodore-rancy.fr\/index.php\/wp-json\/wp\/v2\/media?parent=1369"}],"wp:term":[{"taxonomy":"category","embeddable":true,"href":"https:\/\/college-theodore-rancy.fr\/index.php\/wp-json\/wp\/v2\/categories?post=1369"},{"taxonomy":"post_tag","embeddable":true,"href":"https:\/\/college-theodore-rancy.fr\/index.php\/wp-json\/wp\/v2\/tags?post=1369"}],"curies":[{"name":"wp","href":"https:\/\/api.w.org\/{rel}","templated":true}]}}