{"id":1365,"date":"2024-06-15T18:31:11","date_gmt":"2024-06-15T16:31:11","guid":{"rendered":"https:\/\/college-theodore-rancy.fr\/?p=1365"},"modified":"2026-02-27T15:12:35","modified_gmt":"2026-02-27T14:12:35","slug":"vendredi-14-juin-par-anna","status":"publish","type":"post","link":"https:\/\/college-theodore-rancy.fr\/index.php\/2024\/06\/15\/vendredi-14-juin-par-anna\/","title":{"rendered":"Vendredi 14 juin (par Anna)"},"content":{"rendered":"\n<p>Aujourd&#8217;hui, en ce vendredi 14 juin, nous avons commenc\u00e9 la journ\u00e9e par une activit\u00e9 de recyclage dans laquelle nous avons donn\u00e9 une nouvelle vie \u00e0 un vieux T-shirt, le transformant en petit sac de courses. Nous sommes ensuite all\u00e9s dans les classes de nos correspondants, puis nous sommes retourn\u00e9s chez nous pour le reste de la journ\u00e9e. Une f\u00eate foraine a eu lieu le soir, et nous y sommes tous all\u00e9s. Ce fut une bonne journ\u00e9e, id\u00e9ale pour un dernier jour avec nos correspondants.<\/p>\n\n\n\n<figure class=\"wp-block-image size-large\"><img loading=\"lazy\" decoding=\"async\" width=\"768\" height=\"1024\" src=\"https:\/\/college-theodore-rancy.fr\/wp-content\/uploads\/2024\/06\/IMG-20240614-WA0017-768x1024.jpg\" alt=\"\" class=\"wp-image-1366\" srcset=\"https:\/\/college-theodore-rancy.fr\/wp-content\/uploads\/2024\/06\/IMG-20240614-WA0017-768x1024.jpg 768w, https:\/\/college-theodore-rancy.fr\/wp-content\/uploads\/2024\/06\/IMG-20240614-WA0017-225x300.jpg 225w, https:\/\/college-theodore-rancy.fr\/wp-content\/uploads\/2024\/06\/IMG-20240614-WA0017-1152x1536.jpg 1152w, https:\/\/college-theodore-rancy.fr\/wp-content\/uploads\/2024\/06\/IMG-20240614-WA0017-150x200.jpg 150w, https:\/\/college-theodore-rancy.fr\/wp-content\/uploads\/2024\/06\/IMG-20240614-WA0017.jpg 1530w\" sizes=\"(max-width: 768px) 100vw, 768px\" \/><\/figure>\n","protected":false},"excerpt":{"rendered":"<p>Aujourd&#8217;hui, en ce vendredi 14 juin, nous avons commenc\u00e9 la journ\u00e9e par une activit\u00e9 de recyclage dans laquelle nous avons donn\u00e9 une nouvelle vie \u00e0 un vieux T-shirt, le transformant en petit sac de courses. Nous sommes ensuite all\u00e9s dans les classes de nos correspondants, puis nous sommes retourn\u00e9s chez nous pour le reste de [&hellip;]<\/p>\n","protected":false},"author":3,"featured_media":2345,"comment_status":"open","ping_status":"open","sticky":false,"template":"","format":"standard","meta":{"saved_in_kubio":false,"footnotes":""},"categories":[41],"tags":[70,71],"class_list":["post-1365","post","type-post","status-publish","format-standard","has-post-thumbnail","hentry","category-erasmus","tag-erasmus","tag-europe"],"_links":{"self":[{"href":"https:\/\/college-theodore-rancy.fr\/index.php\/wp-json\/wp\/v2\/posts\/1365","targetHints":{"allow":["GET"]}}],"collection":[{"href":"https:\/\/college-theodore-rancy.fr\/index.php\/wp-json\/wp\/v2\/posts"}],"about":[{"href":"https:\/\/college-theodore-rancy.fr\/index.php\/wp-json\/wp\/v2\/types\/post"}],"author":[{"embeddable":true,"href":"https:\/\/college-theodore-rancy.fr\/index.php\/wp-json\/wp\/v2\/users\/3"}],"replies":[{"embeddable":true,"href":"https:\/\/college-theodore-rancy.fr\/index.php\/wp-json\/wp\/v2\/comments?post=1365"}],"version-history":[{"count":2,"href":"https:\/\/college-theodore-rancy.fr\/index.php\/wp-json\/wp\/v2\/posts\/1365\/revisions"}],"predecessor-version":[{"id":2346,"href":"https:\/\/college-theodore-rancy.fr\/index.php\/wp-json\/wp\/v2\/posts\/1365\/revisions\/2346"}],"wp:featuredmedia":[{"embeddable":true,"href":"https:\/\/college-theodore-rancy.fr\/index.php\/wp-json\/wp\/v2\/media\/2345"}],"wp:attachment":[{"href":"https:\/\/college-theodore-rancy.fr\/index.php\/wp-json\/wp\/v2\/media?parent=1365"}],"wp:term":[{"taxonomy":"category","embeddable":true,"href":"https:\/\/college-theodore-rancy.fr\/index.php\/wp-json\/wp\/v2\/categories?post=1365"},{"taxonomy":"post_tag","embeddable":true,"href":"https:\/\/college-theodore-rancy.fr\/index.php\/wp-json\/wp\/v2\/tags?post=1365"}],"curies":[{"name":"wp","href":"https:\/\/api.w.org\/{rel}","templated":true}]}}