{"id":1362,"date":"2024-06-14T08:15:07","date_gmt":"2024-06-14T06:15:07","guid":{"rendered":"https:\/\/college-theodore-rancy.fr\/?p=1362"},"modified":"2026-02-27T15:13:31","modified_gmt":"2026-02-27T14:13:31","slug":"jeudi-13-juin-par-sarah","status":"publish","type":"post","link":"https:\/\/college-theodore-rancy.fr\/index.php\/2024\/06\/14\/jeudi-13-juin-par-sarah\/","title":{"rendered":"Jeudi 13 juin (par Sarah)"},"content":{"rendered":"\n<p>Aujourd&#8217;hui, jeudi 13 juin, nous avons pris le train en direction de Braunschweig \u00e0 8h30 pour visiter une d\u00e9chetterie nomm\u00e9e Alba. C&#8217;est une enseigne qui est un peu partout en Europe, qui trie et recycle les d\u00e9chets.<\/p>\n\n\n\n<p>Nous avons \u00e9t\u00e9 accueillis par une employ\u00e9e qui nous a guid\u00e9s toute la matin\u00e9e. Puis nous avons enfil\u00e9 nos gilets jaunes. Dehors l&#8217; odeur \u00e9tait tr\u00e8s naus\u00e9abonde \u00e0 cause des diff\u00e9rents d\u00e9tritus et beaucoup de cigognes et autres oiseaux \u00e9taient sur les composts v\u00e9g\u00e9taux. L&#8217;employ\u00e9e d&#8217;Alba nous a montr\u00e9 comment bien s\u00e9parer les d\u00e9chets chez nous, les diff\u00e9rents conteneurs de tri et le train qui exporte les d\u00e9chets.\u00a0<\/p>\n\n\n\n<p>Ensuite, l&#8217;apr\u00e8s midi nous sommes repartis dans le centre ville pour avoir un temps libre pour faire les boutiques, visiter et manger. Vers 15h30 nous avons pris le train pour rentrer dans les familles.\u00a0<\/p>\n\n\n\n<figure class=\"wp-block-image size-large\"><img loading=\"lazy\" decoding=\"async\" width=\"768\" height=\"1024\" src=\"https:\/\/college-theodore-rancy.fr\/wp-content\/uploads\/2024\/06\/IMG-20240613-WA0010-768x1024.jpg\" alt=\"\" class=\"wp-image-1363\" srcset=\"https:\/\/college-theodore-rancy.fr\/wp-content\/uploads\/2024\/06\/IMG-20240613-WA0010-768x1024.jpg 768w, https:\/\/college-theodore-rancy.fr\/wp-content\/uploads\/2024\/06\/IMG-20240613-WA0010-225x300.jpg 225w, https:\/\/college-theodore-rancy.fr\/wp-content\/uploads\/2024\/06\/IMG-20240613-WA0010-1152x1536.jpg 1152w, https:\/\/college-theodore-rancy.fr\/wp-content\/uploads\/2024\/06\/IMG-20240613-WA0010-150x200.jpg 150w, https:\/\/college-theodore-rancy.fr\/wp-content\/uploads\/2024\/06\/IMG-20240613-WA0010.jpg 1530w\" sizes=\"(max-width: 768px) 100vw, 768px\" \/><\/figure>\n","protected":false},"excerpt":{"rendered":"<p>Aujourd&#8217;hui, jeudi 13 juin, nous avons pris le train en direction de Braunschweig \u00e0 8h30 pour visiter une d\u00e9chetterie nomm\u00e9e Alba. C&#8217;est une enseigne qui est un peu partout en Europe, qui trie et recycle les d\u00e9chets. Nous avons \u00e9t\u00e9 accueillis par une employ\u00e9e qui nous a guid\u00e9s toute la matin\u00e9e. Puis nous avons enfil\u00e9 [&hellip;]<\/p>\n","protected":false},"author":3,"featured_media":2347,"comment_status":"open","ping_status":"open","sticky":false,"template":"","format":"standard","meta":{"saved_in_kubio":false,"footnotes":""},"categories":[41],"tags":[70,71],"class_list":["post-1362","post","type-post","status-publish","format-standard","has-post-thumbnail","hentry","category-erasmus","tag-erasmus","tag-europe"],"_links":{"self":[{"href":"https:\/\/college-theodore-rancy.fr\/index.php\/wp-json\/wp\/v2\/posts\/1362","targetHints":{"allow":["GET"]}}],"collection":[{"href":"https:\/\/college-theodore-rancy.fr\/index.php\/wp-json\/wp\/v2\/posts"}],"about":[{"href":"https:\/\/college-theodore-rancy.fr\/index.php\/wp-json\/wp\/v2\/types\/post"}],"author":[{"embeddable":true,"href":"https:\/\/college-theodore-rancy.fr\/index.php\/wp-json\/wp\/v2\/users\/3"}],"replies":[{"embeddable":true,"href":"https:\/\/college-theodore-rancy.fr\/index.php\/wp-json\/wp\/v2\/comments?post=1362"}],"version-history":[{"count":2,"href":"https:\/\/college-theodore-rancy.fr\/index.php\/wp-json\/wp\/v2\/posts\/1362\/revisions"}],"predecessor-version":[{"id":2348,"href":"https:\/\/college-theodore-rancy.fr\/index.php\/wp-json\/wp\/v2\/posts\/1362\/revisions\/2348"}],"wp:featuredmedia":[{"embeddable":true,"href":"https:\/\/college-theodore-rancy.fr\/index.php\/wp-json\/wp\/v2\/media\/2347"}],"wp:attachment":[{"href":"https:\/\/college-theodore-rancy.fr\/index.php\/wp-json\/wp\/v2\/media?parent=1362"}],"wp:term":[{"taxonomy":"category","embeddable":true,"href":"https:\/\/college-theodore-rancy.fr\/index.php\/wp-json\/wp\/v2\/categories?post=1362"},{"taxonomy":"post_tag","embeddable":true,"href":"https:\/\/college-theodore-rancy.fr\/index.php\/wp-json\/wp\/v2\/tags?post=1362"}],"curies":[{"name":"wp","href":"https:\/\/api.w.org\/{rel}","templated":true}]}}