{"id":1359,"date":"2024-06-13T07:17:57","date_gmt":"2024-06-13T05:17:57","guid":{"rendered":"https:\/\/college-theodore-rancy.fr\/?p=1359"},"modified":"2026-02-27T15:14:18","modified_gmt":"2026-02-27T14:14:18","slug":"mercredi-12-juin-par-zoe","status":"publish","type":"post","link":"https:\/\/college-theodore-rancy.fr\/index.php\/2024\/06\/13\/mercredi-12-juin-par-zoe\/","title":{"rendered":"Mercredi 12 juin (par Zo\u00e9)"},"content":{"rendered":"\n<p>Nous sommes arriv\u00e9s au coll\u00e8ge \u00e0 8h30 et avons attendu le bus avec les correspondants allemands et portugais. Nous sommes ensuite partis pour une randonn\u00e9e de 2 heures, parcourant deux boucles. Le guide nous a expliqu\u00e9 de nombreux aspects int\u00e9ressants et nous a montr\u00e9 un bout de for\u00eat qui, il y a 10 ans, avait \u00e9t\u00e9 ravag\u00e9 par une violente temp\u00eate. Sur cette portion, la nature a \u00e9t\u00e9 laiss\u00e9e \u00e0 elle-m\u00eame sans aucune intervention humaine. Aujourd&#8217;hui, la for\u00eat est redevenue belle, les arbres, les plantes et les fleurs ont repouss\u00e9, et elle peut de nouveau accueillir des animaux.<\/p>\n\n\n\n<p>Le guide nous a \u00e9galement expliqu\u00e9 que des animaux tels que les chevreuils, les loups et les sphinx avaient \u00e9t\u00e9 r\u00e9introduits dans la for\u00eat. Bien que le temps n&#8217;ait pas \u00e9t\u00e9 tr\u00e8s cl\u00e9ment, nous avons eu de la chance car apr\u00e8s le d\u00e9jeuner, nous avons repris le bus et sommes all\u00e9s faire de la tyrolienne pour descendre de la montagne. Heureusement, une petite \u00e9claircie est arriv\u00e9e et nous ne nous sommes pas mouill\u00e9s.<\/p>\n\n\n\n<p>Ensuite, nous avons eu une heure pour nous promener dans la ville avant de retourner au coll\u00e8ge. Nous avons retrouv\u00e9 nos affaires et sommes rentr\u00e9s chez nous. La journ\u00e9e a \u00e9t\u00e9 agr\u00e9able mais pluvieuse.<\/p>\n\n\n\n<figure class=\"wp-block-image size-large\"><img loading=\"lazy\" decoding=\"async\" width=\"576\" height=\"1024\" src=\"https:\/\/college-theodore-rancy.fr\/wp-content\/uploads\/2024\/06\/IMG-20240612-WA0020-576x1024.jpeg\" alt=\"\" class=\"wp-image-1360\" srcset=\"https:\/\/college-theodore-rancy.fr\/wp-content\/uploads\/2024\/06\/IMG-20240612-WA0020-576x1024.jpeg 576w, https:\/\/college-theodore-rancy.fr\/wp-content\/uploads\/2024\/06\/IMG-20240612-WA0020-169x300.jpeg 169w, https:\/\/college-theodore-rancy.fr\/wp-content\/uploads\/2024\/06\/IMG-20240612-WA0020-768x1365.jpeg 768w, https:\/\/college-theodore-rancy.fr\/wp-content\/uploads\/2024\/06\/IMG-20240612-WA0020-864x1536.jpeg 864w, https:\/\/college-theodore-rancy.fr\/wp-content\/uploads\/2024\/06\/IMG-20240612-WA0020-1152x2048.jpeg 1152w, https:\/\/college-theodore-rancy.fr\/wp-content\/uploads\/2024\/06\/IMG-20240612-WA0020-113x200.jpeg 113w, https:\/\/college-theodore-rancy.fr\/wp-content\/uploads\/2024\/06\/IMG-20240612-WA0020-scaled.jpeg 1440w\" sizes=\"(max-width: 576px) 100vw, 576px\" \/><\/figure>\n\n\n\n<p><\/p>\n","protected":false},"excerpt":{"rendered":"<p>Nous sommes arriv\u00e9s au coll\u00e8ge \u00e0 8h30 et avons attendu le bus avec les correspondants allemands et portugais. Nous sommes ensuite partis pour une randonn\u00e9e de 2 heures, parcourant deux boucles. Le guide nous a expliqu\u00e9 de nombreux aspects int\u00e9ressants et nous a montr\u00e9 un bout de for\u00eat qui, il y a 10 ans, avait [&hellip;]<\/p>\n","protected":false},"author":3,"featured_media":2349,"comment_status":"open","ping_status":"open","sticky":false,"template":"","format":"standard","meta":{"saved_in_kubio":false,"footnotes":""},"categories":[41],"tags":[70,71],"class_list":["post-1359","post","type-post","status-publish","format-standard","has-post-thumbnail","hentry","category-erasmus","tag-erasmus","tag-europe"],"_links":{"self":[{"href":"https:\/\/college-theodore-rancy.fr\/index.php\/wp-json\/wp\/v2\/posts\/1359","targetHints":{"allow":["GET"]}}],"collection":[{"href":"https:\/\/college-theodore-rancy.fr\/index.php\/wp-json\/wp\/v2\/posts"}],"about":[{"href":"https:\/\/college-theodore-rancy.fr\/index.php\/wp-json\/wp\/v2\/types\/post"}],"author":[{"embeddable":true,"href":"https:\/\/college-theodore-rancy.fr\/index.php\/wp-json\/wp\/v2\/users\/3"}],"replies":[{"embeddable":true,"href":"https:\/\/college-theodore-rancy.fr\/index.php\/wp-json\/wp\/v2\/comments?post=1359"}],"version-history":[{"count":2,"href":"https:\/\/college-theodore-rancy.fr\/index.php\/wp-json\/wp\/v2\/posts\/1359\/revisions"}],"predecessor-version":[{"id":2350,"href":"https:\/\/college-theodore-rancy.fr\/index.php\/wp-json\/wp\/v2\/posts\/1359\/revisions\/2350"}],"wp:featuredmedia":[{"embeddable":true,"href":"https:\/\/college-theodore-rancy.fr\/index.php\/wp-json\/wp\/v2\/media\/2349"}],"wp:attachment":[{"href":"https:\/\/college-theodore-rancy.fr\/index.php\/wp-json\/wp\/v2\/media?parent=1359"}],"wp:term":[{"taxonomy":"category","embeddable":true,"href":"https:\/\/college-theodore-rancy.fr\/index.php\/wp-json\/wp\/v2\/categories?post=1359"},{"taxonomy":"post_tag","embeddable":true,"href":"https:\/\/college-theodore-rancy.fr\/index.php\/wp-json\/wp\/v2\/tags?post=1359"}],"curies":[{"name":"wp","href":"https:\/\/api.w.org\/{rel}","templated":true}]}}