{"id":1285,"date":"2024-04-03T11:35:41","date_gmt":"2024-04-03T09:35:41","guid":{"rendered":"https:\/\/college-theodore-rancy.fr\/?p=1285"},"modified":"2024-04-03T11:36:54","modified_gmt":"2024-04-03T09:36:54","slug":"forum-des-metiers","status":"publish","type":"post","link":"https:\/\/college-theodore-rancy.fr\/index.php\/2024\/04\/03\/forum-des-metiers\/","title":{"rendered":"Forum des m\u00e9tiers"},"content":{"rendered":"\n<p>Dans le cadre du parcours avenir et de l&#8217;orientation des \u00e9l\u00e8ves, le coll\u00e8ge Th\u00e9odore Rancy a organis\u00e9 un forum des m\u00e9tiers \u00e0 l&#8217;intention des \u00e9l\u00e8ves de quatri\u00e8me et troisi\u00e8me. Avec plus de 20 intervenants qui ont r\u00e9pondu pr\u00e9sents, les \u00e9l\u00e8ves ont pu \u00e9changer, par petits groupes, avec les repr\u00e9sentants des diff\u00e9rentes fili\u00e8res professionnelles, des lyc\u00e9es professionnels, des centres de formation, du lyc\u00e9e g\u00e9n\u00e9ral et des parents d&#8217;\u00e9l\u00e8ves venus t\u00e9moigner de leur parcours et m\u00e9tiers. Un temps fort et riche d&#8217;\u00e9changes pour les \u00e9l\u00e8ves du coll\u00e8ge \u00e0 renouveler pour la prochaine ann\u00e9e scolaire.<\/p>\n\n\n\n<figure class=\"wp-block-image size-full\"><img loading=\"lazy\" decoding=\"async\" width=\"640\" height=\"480\" src=\"https:\/\/college-theodore-rancy.fr\/wp-content\/uploads\/2024\/04\/IMG_6782.jpg\" alt=\"\" class=\"wp-image-1286\" srcset=\"https:\/\/college-theodore-rancy.fr\/wp-content\/uploads\/2024\/04\/IMG_6782.jpg 640w, https:\/\/college-theodore-rancy.fr\/wp-content\/uploads\/2024\/04\/IMG_6782-300x225.jpg 300w, https:\/\/college-theodore-rancy.fr\/wp-content\/uploads\/2024\/04\/IMG_6782-200x150.jpg 200w\" sizes=\"(max-width: 640px) 100vw, 640px\" \/><\/figure>\n\n\n\n<figure class=\"wp-block-image size-full\"><img loading=\"lazy\" decoding=\"async\" width=\"640\" height=\"480\" src=\"https:\/\/college-theodore-rancy.fr\/wp-content\/uploads\/2024\/04\/IMG_6784.jpg\" alt=\"\" class=\"wp-image-1287\" srcset=\"https:\/\/college-theodore-rancy.fr\/wp-content\/uploads\/2024\/04\/IMG_6784.jpg 640w, https:\/\/college-theodore-rancy.fr\/wp-content\/uploads\/2024\/04\/IMG_6784-300x225.jpg 300w, https:\/\/college-theodore-rancy.fr\/wp-content\/uploads\/2024\/04\/IMG_6784-200x150.jpg 200w\" sizes=\"(max-width: 640px) 100vw, 640px\" \/><\/figure>\n\n\n\n<figure class=\"wp-block-image size-full\"><img loading=\"lazy\" decoding=\"async\" width=\"640\" height=\"480\" src=\"https:\/\/college-theodore-rancy.fr\/wp-content\/uploads\/2024\/04\/IMG_6785.jpg\" alt=\"\" class=\"wp-image-1288\" srcset=\"https:\/\/college-theodore-rancy.fr\/wp-content\/uploads\/2024\/04\/IMG_6785.jpg 640w, https:\/\/college-theodore-rancy.fr\/wp-content\/uploads\/2024\/04\/IMG_6785-300x225.jpg 300w, https:\/\/college-theodore-rancy.fr\/wp-content\/uploads\/2024\/04\/IMG_6785-200x150.jpg 200w\" sizes=\"(max-width: 640px) 100vw, 640px\" \/><\/figure>\n\n\n\n<figure class=\"wp-block-image size-full\"><img loading=\"lazy\" decoding=\"async\" width=\"1000\" height=\"441\" src=\"https:\/\/college-theodore-rancy.fr\/wp-content\/uploads\/2024\/04\/IMG_8791_2red.jpg\" alt=\"\" class=\"wp-image-1289\" srcset=\"https:\/\/college-theodore-rancy.fr\/wp-content\/uploads\/2024\/04\/IMG_8791_2red.jpg 1000w, https:\/\/college-theodore-rancy.fr\/wp-content\/uploads\/2024\/04\/IMG_8791_2red-300x132.jpg 300w, https:\/\/college-theodore-rancy.fr\/wp-content\/uploads\/2024\/04\/IMG_8791_2red-768x339.jpg 768w, https:\/\/college-theodore-rancy.fr\/wp-content\/uploads\/2024\/04\/IMG_8791_2red-200x88.jpg 200w\" sizes=\"(max-width: 1000px) 100vw, 1000px\" \/><\/figure>\n","protected":false},"excerpt":{"rendered":"<p>Dans le cadre du parcours avenir et de l&#8217;orientation des \u00e9l\u00e8ves, le coll\u00e8ge Th\u00e9odore Rancy a organis\u00e9 un forum des m\u00e9tiers \u00e0 l&#8217;intention des \u00e9l\u00e8ves de quatri\u00e8me et troisi\u00e8me. Avec plus de 20 intervenants qui ont r\u00e9pondu pr\u00e9sents, les \u00e9l\u00e8ves ont pu \u00e9changer, par petits groupes, avec les repr\u00e9sentants des diff\u00e9rentes fili\u00e8res professionnelles, des lyc\u00e9es [&hellip;]<\/p>\n","protected":false},"author":20,"featured_media":1291,"comment_status":"open","ping_status":"open","sticky":false,"template":"","format":"standard","meta":{"saved_in_kubio":false,"footnotes":""},"categories":[44],"tags":[],"class_list":["post-1285","post","type-post","status-publish","format-standard","has-post-thumbnail","hentry","category-orientation"],"_links":{"self":[{"href":"https:\/\/college-theodore-rancy.fr\/index.php\/wp-json\/wp\/v2\/posts\/1285","targetHints":{"allow":["GET"]}}],"collection":[{"href":"https:\/\/college-theodore-rancy.fr\/index.php\/wp-json\/wp\/v2\/posts"}],"about":[{"href":"https:\/\/college-theodore-rancy.fr\/index.php\/wp-json\/wp\/v2\/types\/post"}],"author":[{"embeddable":true,"href":"https:\/\/college-theodore-rancy.fr\/index.php\/wp-json\/wp\/v2\/users\/20"}],"replies":[{"embeddable":true,"href":"https:\/\/college-theodore-rancy.fr\/index.php\/wp-json\/wp\/v2\/comments?post=1285"}],"version-history":[{"count":1,"href":"https:\/\/college-theodore-rancy.fr\/index.php\/wp-json\/wp\/v2\/posts\/1285\/revisions"}],"predecessor-version":[{"id":1290,"href":"https:\/\/college-theodore-rancy.fr\/index.php\/wp-json\/wp\/v2\/posts\/1285\/revisions\/1290"}],"wp:featuredmedia":[{"embeddable":true,"href":"https:\/\/college-theodore-rancy.fr\/index.php\/wp-json\/wp\/v2\/media\/1291"}],"wp:attachment":[{"href":"https:\/\/college-theodore-rancy.fr\/index.php\/wp-json\/wp\/v2\/media?parent=1285"}],"wp:term":[{"taxonomy":"category","embeddable":true,"href":"https:\/\/college-theodore-rancy.fr\/index.php\/wp-json\/wp\/v2\/categories?post=1285"},{"taxonomy":"post_tag","embeddable":true,"href":"https:\/\/college-theodore-rancy.fr\/index.php\/wp-json\/wp\/v2\/tags?post=1285"}],"curies":[{"name":"wp","href":"https:\/\/api.w.org\/{rel}","templated":true}]}}